[{"@context":"https:\/\/schema.org\/","@type":"Article","@id":"https:\/\/www.cojakproc.cz\/neni-nad-vlastni-soukromi-ve-svem-dome-i-kdyz-je-mobilni\/#Article","mainEntityOfPage":"https:\/\/www.cojakproc.cz\/neni-nad-vlastni-soukromi-ve-svem-dome-i-kdyz-je-mobilni\/","headline":"Nen\u00ed nad vlastn\u00ed soukrom\u00ed ve sv\u00e9m dom\u011b, i kdy\u017e je mobiln\u00ed","name":"Nen\u00ed nad vlastn\u00ed soukrom\u00ed ve sv\u00e9m dom\u011b, i kdy\u017e je mobiln\u00ed","description":"V\u00fdraz \u201emobiln\u00ed d\u016fm\u201c ji\u017e d\u00e1vno p\u0159estal m\u00edt hanliv\u00fd podtext, snadno se o tom p\u0159esv\u011bd\u010d\u00edte, jestli\u017ee n\u011bkter\u00fd ze vzorov\u00fdch mobilheim\u016f nav\u0161t\u00edv\u00edte osobn\u011b. Takov\u00e9 ty plastov\u00e9 skelety bez zateplen\u00ed, kter\u00e9 se k n\u00e1m dov\u00e1\u017eely d\u0159\u00edve, za velmi n\u00edzkou cenu, slou\u017e\u00ed pouze jako sez\u00f3nn\u00ed a v\u00edd\u00e1me je ob\u010das v n\u011bkter\u00fdch kempech, kde nahrazuj\u00ed d\u0159ev\u011bn\u00e9 chatky. Pro ob\u010dasn\u00e9 p\u0159esp\u00e1v\u00e1n\u00ed [&hellip;]<div class=\"read-more\"><a href=\"https:\/\/www.cojakproc.cz\/neni-nad-vlastni-soukromi-ve-svem-dome-i-kdyz-je-mobilni\/\" class=\"btn btn-primary btn-lg\">P\u0159e\u010d\u00edst<\/a><\/div>","datePublished":"2022-04-09","dateModified":"2023-04-29","author":{"@type":"Person","@id":"https:\/\/www.cojakproc.cz\/author\/#Person","name":"","url":"https:\/\/www.cojakproc.cz\/author\/","identifier":1,"image":{"@type":"ImageObject","@id":"https:\/\/secure.gravatar.com\/avatar\/9478c3014fb8763e2a18691ad6bf83eff86429738afad80df8227ac472865e36?s=96&d=mm&r=g","url":"https:\/\/secure.gravatar.com\/avatar\/9478c3014fb8763e2a18691ad6bf83eff86429738afad80df8227ac472865e36?s=96&d=mm&r=g","height":96,"width":96}},"publisher":{"@type":"Organization","name":"cojakproc.cz","logo":{"@type":"ImageObject","@id":"\/logo.png","url":"\/logo.png","width":600,"height":60}},"image":{"@type":"ImageObject","@id":"https:\/\/www.cojakproc.cz\/wp-content\/uploads\/apples-1872997_640_1.jpg","url":"https:\/\/www.cojakproc.cz\/wp-content\/uploads\/apples-1872997_640_1.jpg","height":0,"width":0},"url":"https:\/\/www.cojakproc.cz\/neni-nad-vlastni-soukromi-ve-svem-dome-i-kdyz-je-mobilni\/","about":["Domov"],"wordCount":481,"articleBody":"   V\u00fdraz \u201emobiln\u00ed d\u016fm\u201c ji\u017e d\u00e1vno p\u0159estal m\u00edt hanliv\u00fd podtext, snadno se o tom p\u0159esv\u011bd\u010d\u00edte, jestli\u017ee n\u011bkter\u00fd ze vzorov\u00fdch mobilheim\u016f nav\u0161t\u00edv\u00edte osobn\u011b. Takov\u00e9 ty plastov\u00e9 skelety bez zateplen\u00ed, kter\u00e9 se k n\u00e1m dov\u00e1\u017eely d\u0159\u00edve, za velmi n\u00edzkou cenu, slou\u017e\u00ed pouze jako sez\u00f3nn\u00ed a v\u00edd\u00e1me je ob\u010das v n\u011bkter\u00fdch kempech, kde nahrazuj\u00ed d\u0159ev\u011bn\u00e9 chatky. Pro ob\u010dasn\u00e9 p\u0159esp\u00e1v\u00e1n\u00ed od jara do podzimu, kdy nen\u00ed nutn\u00e9 v dom\u00e1cnosti p\u0159it\u00e1p\u011bt, jsou naprosto ide\u00e1ln\u00ed. M\u00e1te st\u0159echu nad hlavou, vybaven\u00ed b\u00fdv\u00e1 obvykle na \u00farovni, a prostor b\u00fdv\u00e1 dostate\u010dn\u011b velk\u00fd na to, aby v\u00e1m vysta\u010dil pro p\u0159\u00edjemn\u00fd pobyt.Dnes se ov\u0161em v\u00fdroba mobiln\u00edch dom\u016f orientuje i na objekty typu celoro\u010dn\u011b obyvateln\u00fdch d\u0159evostaveb. Uvnit\u0159 m\u00e1te v\u0161e pot\u0159ebn\u00e9 od kuchyn\u011b, p\u0159es lo\u017enici a koupelnu a\u017e k ob\u00fdvac\u00edmu pokoji, a mnohdy v z\u00e1sad\u011b ani nepozn\u00e1te, \u017ee jde o d\u016fm montovan\u00fd v uzav\u0159en\u00fdch v\u00fdrobn\u00edch prostor\u00e1ch.Mobiln\u00ed domy celoro\u010dn\u011b obyvateln\u00e9 lze vyt\u00e1p\u011bt elektrick\u00fdmi p\u0159\u00edmotopy, ale dnes se bude mnoho z\u00e1jemc\u016f orientovat na krbov\u00e1 kamna. Palivov\u00e9 d\u0159evo je st\u00e1le nejlevn\u011bj\u0161\u00ed topnou surovinou a zna\u010dnou v\u00fdhodou je, \u017ee si lze d\u0159evo v p\u0159\u00edpad\u011b nouze nebo \u010dist\u011b z \u00fasporn\u00fdch d\u016fvod\u016f na vhodn\u00e9m m\u00edst\u011b nasb\u00edrat bu\u010f p\u0159i polomech, nebo v podob\u011b spadan\u00fdch v\u011btv\u00ed \u010di smrkov\u00fdch \u0161i\u0161ek. Legislativa dokonce umo\u017e\u0148uje sb\u00edrat tzv. klest, co\u017e je spadan\u00e9 d\u0159evo do pr\u016fm\u011bru sedmi centimetr\u016f (m\u011b\u0159eno bez k\u016fry).Vyt\u00e1p\u011bt mobiln\u00ed p\u0159\u00edzemn\u00ed d\u0159evostavbu d\u0159evem je pom\u011brn\u011b snadn\u00e9 a z\u00e1rove\u0148 i velice \u00fasporn\u00e9 vzhledem k tomu, \u017ee jsou n\u00e1klady na vyt\u00e1p\u011bn\u00ed v\u00fdraznou polo\u017ekou v rodinn\u00e9m rozpo\u010dtu.Jedn\u00edm z nejv\u011bt\u0161\u00edch stra\u0161\u00e1k\u016f modern\u00ed doby je zdra\u017eov\u00e1n\u00ed potravin a energi\u00ed a \u017eivot v mobiln\u00edm d\u0159ev\u011bn\u00e9m dom\u011b top-mobilnidomy.cz nab\u00edz\u00ed v\u011bt\u0161\u00ed mo\u017enosti, ne\u017e jak\u00e9 maj\u00ed lid\u00e9 v bytov\u00fdch domech. Krom\u011b topen\u00ed d\u0159evem lze u\u0161et\u0159it i vlastn\u00edm zdrojem pitn\u00e9 vody ze studny a oh\u0159evem vody fotovoltaikou, kterou lze p\u0159\u00edpadn\u011b vyu\u017e\u00edt i pro p\u0159ipojen\u00ed elektrick\u00fdch spot\u0159ebi\u010d\u016f jako alternativn\u00ed zdroj elekt\u0159iny v\u016f\u010di dod\u00e1vk\u00e1m z rozvodn\u00e9 s\u00edt\u011b. Mobiln\u00ed domy lze tedy v dne\u0161n\u00ed dob\u011b pova\u017eovat za vhodn\u00e9 pro ka\u017ed\u00e9ho, kde se nezdr\u00e1h\u00e1 osamostatnit a st\u00e1t se m\u00e9n\u011b z\u00e1visl\u00fdm na vn\u011bj\u0161\u00edch faktorech, kter\u00e9 ovliv\u0148uj\u00ed ceny energi\u00ed a ve\u0161ker\u00e9 d\u011bn\u00ed kolem nich.                                                                                                                                                                                                                                                                                                                                                                                          3.7\/5 - (8 votes)        "},{"@context":"https:\/\/schema.org\/","@type":"BreadcrumbList","itemListElement":[{"@type":"ListItem","position":1,"name":"Nen\u00ed nad vlastn\u00ed soukrom\u00ed ve sv\u00e9m dom\u011b, i kdy\u017e je mobiln\u00ed","item":"https:\/\/www.cojakproc.cz\/neni-nad-vlastni-soukromi-ve-svem-dome-i-kdyz-je-mobilni\/#breadcrumbitem"}]}]