[{"@context":"https:\/\/schema.org\/","@type":"Article","@id":"https:\/\/www.cojakproc.cz\/pekna-francouzska-okna\/#Article","mainEntityOfPage":"https:\/\/www.cojakproc.cz\/pekna-francouzska-okna\/","headline":"P\u011bkn\u00e1 francouzsk\u00e1 okna","name":"P\u011bkn\u00e1 francouzsk\u00e1 okna","description":"M\u016fj bratr \u0159\u00edk\u00e1, \u017ee u\u017e se \u00fapln\u011b t\u011b\u0161\u00ed, a\u017e bude kr\u00e1sn\u00e9 po\u010das\u00ed, proto\u017ee on \u0159\u00edkal, \u017ee a\u017e bude kr\u00e1sn\u00e9 po\u010das\u00ed, \u017ee kone\u010dn\u011b bude vykl\u00edzet zahradu a tak\u00e9 gar\u00e1\u017e, nebo tak\u00e9 zkus\u00ed vyklidit p\u016fdu, proto\u017ee tam m\u00e1 opravdu hodn\u011b nepo\u0159\u00e1dku. Nav\u00edc tak\u00e9 \u0159\u00edkal, \u017ee na ja\u0159e nebo za\u010d\u00e1tkem l\u00e9ta chce d\u011blat \u00fapln\u011b nov\u00e1 okna a tak\u00e9 [&hellip;]<div class=\"read-more\"><a href=\"https:\/\/www.cojakproc.cz\/pekna-francouzska-okna\/\" class=\"btn btn-primary btn-lg\">P\u0159e\u010d\u00edst<\/a><\/div>","datePublished":"2025-10-17","dateModified":"2025-10-17","author":{"@type":"Person","@id":"https:\/\/www.cojakproc.cz\/author\/#Person","name":"","url":"https:\/\/www.cojakproc.cz\/author\/","identifier":1,"image":{"@type":"ImageObject","@id":"https:\/\/secure.gravatar.com\/avatar\/9478c3014fb8763e2a18691ad6bf83eff86429738afad80df8227ac472865e36?s=96&d=mm&r=g","url":"https:\/\/secure.gravatar.com\/avatar\/9478c3014fb8763e2a18691ad6bf83eff86429738afad80df8227ac472865e36?s=96&d=mm&r=g","height":96,"width":96}},"publisher":{"@type":"Organization","name":"cojakproc.cz","logo":{"@type":"ImageObject","@id":"\/logo.png","url":"\/logo.png","width":600,"height":60}},"image":{"@type":"ImageObject","@id":"https:\/\/www.cojakproc.cz\/wp-content\/uploads\/dark-1850684_640_2.jpg","url":"https:\/\/www.cojakproc.cz\/wp-content\/uploads\/dark-1850684_640_2.jpg","height":0,"width":0},"url":"https:\/\/www.cojakproc.cz\/pekna-francouzska-okna\/","about":["Produkty"],"wordCount":470,"articleBody":"        M\u016fj bratr \u0159\u00edk\u00e1, \u017ee u\u017e se \u00fapln\u011b t\u011b\u0161\u00ed, a\u017e bude kr\u00e1sn\u00e9 po\u010das\u00ed, proto\u017ee on \u0159\u00edkal, \u017ee a\u017e bude kr\u00e1sn\u00e9 po\u010das\u00ed, \u017ee kone\u010dn\u011b bude vykl\u00edzet zahradu a tak\u00e9 gar\u00e1\u017e, nebo tak\u00e9 zkus\u00ed vyklidit p\u016fdu, proto\u017ee tam m\u00e1 opravdu hodn\u011b nepo\u0159\u00e1dku. Nav\u00edc tak\u00e9 \u0159\u00edkal, \u017ee na ja\u0159e nebo za\u010d\u00e1tkem l\u00e9ta chce d\u011blat \u00fapln\u011b nov\u00e1 okna a tak\u00e9 nov\u00e9 dve\u0159e. A \u0159\u00edkal, \u017ee by m\u00edsto oken klasick\u00fdch do ob\u00fdvac\u00edho pokoje cht\u011bl m\u00edt francouzsk\u00e1 okna. J\u00e1 jsem si \u0159ekla, \u017ee to m\u016f\u017ee b\u00fdt opravdu skv\u011bl\u00e1 volba, proto\u017ee okna, kter\u00e1 jsou francouzsk\u00e1, tak mohou slou\u017eit tak\u00e9 jako vchod, a to se mi l\u00edb\u00ed ze v\u0161eho nejv\u00edc. Francouzsk\u00e1 okna se rozhodn\u011b vyplat\u00ed. Sice ano, jsou dra\u017e\u0161\u00ed ne\u017e klasick\u00e1 okna, ale zase francouzsk\u00e1 okna jsou v\u00edce praktick\u00e1 a vypadaj\u00ed v\u00edce stylov\u011b a doma budete m\u00edt i v\u00edce sv\u011btla. A to je pr\u00e1v\u011b ta nejv\u011bt\u0161\u00ed v\u00fdhoda, tedy alespo\u0148 tohle si mysl\u00edm j\u00e1. Sama jsem si \u0159ekla, \u017ee francouzsk\u00e1 okna budou opravdu perfektn\u00ed. A v\u011bd\u011bli jste, \u017ee kdy\u017e budete m\u00edt francouzsk\u00e1 okna, \u017ee si tam m\u016f\u017eete d\u00e1t i takovou kliku, kter\u00e1 bude t\u0159eba na kl\u00ed\u010d, aby se v\u00e1m samoz\u0159ejm\u011b dom\u016f v\u016fbec nikdo nedostal, aby to vypadalo t\u00e9m\u011b\u0159 jako vchodov\u00e9 dve\u0159e, tak\u00e9 je\u0161t\u011b s partnerem p\u0159em\u00fd\u0161l\u00edme, \u017ee bychom si nechali ud\u011blat tak\u00e9 francouzsk\u00e1 okna akor\u00e1t do kuchyn\u011b. Proto\u017ee vedle kuchyn\u011b m\u00e1me opravdu velikou zahradu a \u0159ekli jsme si, \u017ee to m\u016f\u017ee vypadat opravdu stylov\u011b a v\u00edce prakticky, \u017ee potom zvenku bychom si nad francouzsk\u00e1 okna dali n\u011bjakou st\u0159\u00ed\u0161ku a potom ud\u011blali i n\u011bjakou terasu. A to podle m\u00e9ho n\u00e1zoru to bude vypadat opravdu kr\u00e1sn\u011b. Bude to opravdu stylov\u00e9 a takov\u00e9 v\u00edce modern\u00ed. Mnoho lid\u00ed, t\u0159eba ale francouzsk\u00e1 okna nechce, \u017ee je to moc drah\u00e9. Sice ano ch\u00e1pu, \u017ee francouzsk\u00e1 okna jsou drah\u00e1, ale zase vypadaj\u00ed p\u011bkn\u011b a tak\u00e9 se to vyplat\u00ed do budoucna. T\u0159eba potom ani nemus\u00edte \u0159e\u0161it \u017e\u00e1dn\u00e9 dve\u0159e, a tak podobn\u011b. A kdy\u017e potom budete m\u00edt i nov\u00e9 dve\u0159e, tak m\u016f\u017eete pop\u0159em\u00fd\u0161let, \u017ee t\u0159eba i do p\u00e1r let si ud\u011bl\u00e1te nov\u00e1 okna. Tak\u00e9 bych doporu\u010dovala, aby to v\u0161echno bylo ze stejn\u00e9ho materi\u00e1lu, kdy\u017e budete m\u00edt francouzsk\u00e1 okna z plastu tak, aby i okna byla z plastu a pokud to bude ze d\u0159eva tak, aby i okna byla ze d\u0159eva, aby to k sob\u011b kr\u00e1sn\u011b ladilo a aby to bylo i v\u00edce praktick\u00e9.                                                                                                                                                                                                                                                                                                                                                                                           4.3\/5 - (3 votes)        "},{"@context":"https:\/\/schema.org\/","@type":"BreadcrumbList","itemListElement":[{"@type":"ListItem","position":1,"name":"P\u011bkn\u00e1 francouzsk\u00e1 okna","item":"https:\/\/www.cojakproc.cz\/pekna-francouzska-okna\/#breadcrumbitem"}]}]