[{"@context":"https:\/\/schema.org\/","@type":"Article","@id":"https:\/\/www.cojakproc.cz\/prozijte-velikonoce-na-jizni-morave\/#Article","mainEntityOfPage":"https:\/\/www.cojakproc.cz\/prozijte-velikonoce-na-jizni-morave\/","headline":"Pro\u017eijte Velikonoce na ji\u017en\u00ed Morav\u011b","name":"Pro\u017eijte Velikonoce na ji\u017en\u00ed Morav\u011b","description":"Lednicko-valtick\u00fd are\u00e1l se m\u016f\u017ee py\u0161nit hned n\u011bkolika historick\u00fdmi dominantami a \u0159adou p\u0159\u00edrodn\u00edch zaj\u00edmavost\u00ed, kter\u00e9 jist\u011b stoj\u00ed za pod\u00edv\u00e1n\u00ed. Ov\u0161em stihnout za jeden den proj\u00edt v\u0161echny kr\u00e1sn\u00e9 pam\u00e1tky a prohl\u00e9dnout alespo\u0148 \u010d\u00e1st p\u0159\u00edrodn\u00edho are\u00e1lu je nad lidsk\u00e9 s\u00edly, tak\u017ee se zde jist\u011b vyplat\u00ed str\u00e1vit n\u011bkolik p\u0159\u00edjemn\u00fdch dn\u00ed v v m\u00edst\u011b, kde o v\u00e1s bude po v\u0161ech [&hellip;]<div class=\"read-more\"><a href=\"https:\/\/www.cojakproc.cz\/prozijte-velikonoce-na-jizni-morave\/\" class=\"btn btn-primary btn-lg\">P\u0159e\u010d\u00edst<\/a><\/div>","datePublished":"2020-01-24","dateModified":"2024-02-18","author":{"@type":"Person","@id":"https:\/\/www.cojakproc.cz\/author\/#Person","name":"","url":"https:\/\/www.cojakproc.cz\/author\/","identifier":1,"image":{"@type":"ImageObject","@id":"https:\/\/secure.gravatar.com\/avatar\/9478c3014fb8763e2a18691ad6bf83eff86429738afad80df8227ac472865e36?s=96&d=mm&r=g","url":"https:\/\/secure.gravatar.com\/avatar\/9478c3014fb8763e2a18691ad6bf83eff86429738afad80df8227ac472865e36?s=96&d=mm&r=g","height":96,"width":96}},"publisher":{"@type":"Organization","name":"cojakproc.cz","logo":{"@type":"ImageObject","@id":"\/logo.png","url":"\/logo.png","width":600,"height":60}},"image":{"@type":"ImageObject","@id":"https:\/\/www.cojakproc.cz\/wp-content\/uploads\/img_a373668_w1986_t1585130710.jpg","url":"https:\/\/www.cojakproc.cz\/wp-content\/uploads\/img_a373668_w1986_t1585130710.jpg","height":0,"width":0},"url":"https:\/\/www.cojakproc.cz\/prozijte-velikonoce-na-jizni-morave\/","about":["Z\u00e1bava"],"wordCount":405,"articleBody":"       Lednicko-valtick\u00fd are\u00e1l se m\u016f\u017ee py\u0161nit hned n\u011bkolika historick\u00fdmi dominantami a \u0159adou p\u0159\u00edrodn\u00edch zaj\u00edmavost\u00ed, kter\u00e9 jist\u011b stoj\u00ed za pod\u00edv\u00e1n\u00ed. Ov\u0161em stihnout za jeden den proj\u00edt v\u0161echny kr\u00e1sn\u00e9 pam\u00e1tky a prohl\u00e9dnout alespo\u0148 \u010d\u00e1st p\u0159\u00edrodn\u00edho are\u00e1lu je nad lidsk\u00e9 s\u00edly, tak\u017ee se zde jist\u011b vyplat\u00ed str\u00e1vit n\u011bkolik p\u0159\u00edjemn\u00fdch dn\u00ed v  v m\u00edst\u011b, kde o v\u00e1s bude po v\u0161ech str\u00e1nk\u00e1ch dokonale postar\u00e1no. N\u00e1\u0161 hotel se nach\u00e1z\u00ed v t\u011bsn\u00e9m sousedstv\u00ed n\u00e1dhern\u00e9ho lednick\u00e9ho z\u00e1mku s p\u0159ilehl\u00fdm parkem a vyhl\u00e1\u0161en\u00fdm tropick\u00fdm sklen\u00edkem. Pobyt u n\u00e1s, tedy m\u016f\u017eete ide\u00e1ln\u011b spojit s n\u00e1v\u0161t\u011bvou t\u011bchto zmi\u0148ovan\u00fdch m\u00edst, ale nab\u00edz\u00ed se je\u0161t\u011b spousta dal\u0161\u00edch zaj\u00edmav\u00fdch lokalit, kter\u00e9 stoj\u00ed za zhl\u00e9dnut\u00ed. K va\u0161emu dokonal\u00e9mu odpo\u010dinku jist\u011b p\u0159isp\u011bjeme i nab\u00eddkou priv\u00e1tn\u00edho welness disponuj\u00edc\u00edho v\u00ed\u0159ivkou, finskou saunou a\u017e pro \u0161est osob, nebo infrasaunou. Samoz\u0159ejm\u011b nechyb\u00ed ani mo\u017enost r\u016fzn\u00fdch druh\u016f odborn\u011b proveden\u00fdch mas\u00e1\u017e\u00ed, kter\u00e9 dokonale uvoln\u00ed va\u0161e ztuhl\u00e9 svaly a odplav\u00ed stres. P\u0159\u00edjemn\u00e9 chv\u00edle spojen\u00e9 s ochutn\u00e1vkou v\u00fdte\u010dn\u00fdch pokrm\u016f slo\u017een\u00fdch ze sez\u00f3nn\u00edch a region\u00e1ln\u00edch potravin. K nim pod\u00e1v\u00e1me prvot\u0159\u00eddn\u00ed v\u00edna a pivo vlastn\u00edch zna\u010dek. Pokud k n\u00e1m zav\u00edt\u00e1te v dob\u011b mezi 9. a 13. dubnem, m\u00e1me pro v\u00e1s  p\u0159ipravenou u speci\u00e1ln\u00ed velikono\u010dn\u00ed nab\u00eddku spojenou s veselic\u00ed, rautem a ochutn\u00e1vkou v\u00edn v na\u0161em sklep\u011b. Jist\u011b v\u00e1s mile p\u0159ekvap\u00ed i ned\u011bln\u00ed program, zahrnuj\u00edc\u00ed uk\u00e1zky lidov\u00fdch \u0159emesel a zvyk\u016f z doprovodu harmoniky a nebude chyb\u011bt ani pe\u010den\u00e9 jehn\u011b. V pond\u011bl\u00ed je pro na\u0161e nejmen\u0161\u00ed hosty p\u0159ichyst\u00e1no p\u0159ekvapen\u00ed. Vyu\u017eijte ji\u017e dnes n\u011bkter\u00fd ze zaj\u00edmav\u00fdch pobytov\u00fdch bal\u00ed\u010dk\u016f, kter\u00e9 najdete na na\u0161ich internetov\u00fdch str\u00e1nk\u00e1ch a rezervujte si pobyt prost\u0159ednictv\u00edm elektronick\u00e9ho formul\u00e1\u0159e. U\u017eijte si jaro ve dvojici, nebo s celou rodinou, v\u010detn\u011b va\u0161eho pejska a na\u010derpejte energii v kr\u00e1sn\u00e9m kout\u011b ji\u017en\u00ed Moravy, v poh\u00e1dkov\u00e9 Lednici.                                                                                                                                                                                                                                                                                                                                                                                          5\/5 - (3 votes)        "},{"@context":"https:\/\/schema.org\/","@type":"BreadcrumbList","itemListElement":[{"@type":"ListItem","position":1,"name":"Pro\u017eijte Velikonoce na ji\u017en\u00ed Morav\u011b","item":"https:\/\/www.cojakproc.cz\/prozijte-velikonoce-na-jizni-morave\/#breadcrumbitem"}]}]